{"id":904,"date":"2026-03-12T16:02:48","date_gmt":"2026-03-12T15:02:48","guid":{"rendered":"https:\/\/sacovelo.fr\/?p=904"},"modified":"2026-03-12T16:43:36","modified_gmt":"2026-03-12T15:43:36","slug":"avec-le-bonus-reparation-beneficiez-dune-reduction-sur-votre-facture","status":"publish","type":"post","link":"https:\/\/sacovelo.fr\/index.php\/2026\/03\/12\/avec-le-bonus-reparation-beneficiez-dune-reduction-sur-votre-facture\/","title":{"rendered":"Avec le Bonus R\u00e9paration, b\u00e9n\u00e9ficiez d&rsquo;une r\u00e9duction sur votre facture !"},"content":{"rendered":"\n<div style=\"height:37px\" aria-hidden=\"true\" class=\"wp-block-spacer\"><\/div>\n\n\n\n<p>Montant d\u00e9duit de votre facture pour la r\u00e9paration d\u2019un appareil hors garantie, r\u00e9alis\u00e9e par SACOVELO, r\u00e9parateur labellis\u00e9.<\/p>\n\n\n<div class=\"wp-block-image\">\n<figure class=\"aligncenter size-full\"><img loading=\"lazy\" decoding=\"async\" width=\"300\" height=\"251\" src=\"https:\/\/sacovelo.fr\/wp-content\/uploads\/2026\/03\/Logo-BonusRepar-Cycle-300x251-1.png\" alt=\"\" class=\"wp-image-843\"\/><\/figure><\/div>\n\n\n<div style=\"height:41px\" aria-hidden=\"true\" class=\"wp-block-spacer\"><\/div>\n\n\n\n<figure class=\"wp-block-image size-large\"><img loading=\"lazy\" decoding=\"async\" width=\"1024\" height=\"181\" src=\"https:\/\/sacovelo.fr\/wp-content\/uploads\/2026\/03\/Seuil-1024x181.jpg\" alt=\"\" class=\"wp-image-866\" srcset=\"https:\/\/sacovelo.fr\/wp-content\/uploads\/2026\/03\/Seuil-1024x181.jpg 1024w, https:\/\/sacovelo.fr\/wp-content\/uploads\/2026\/03\/Seuil-300x53.jpg 300w, https:\/\/sacovelo.fr\/wp-content\/uploads\/2026\/03\/Seuil-768x136.jpg 768w, https:\/\/sacovelo.fr\/wp-content\/uploads\/2026\/03\/Seuil.jpg 1366w\" sizes=\"(max-width: 1024px) 100vw, 1024px\" \/><\/figure>\n\n\n\n<div style=\"height:39px\" aria-hidden=\"true\" class=\"wp-block-spacer\"><\/div>\n\n\n\n<div class=\"wp-block-buttons is-content-justification-center is-layout-flex wp-container-core-buttons-layout-1 wp-block-buttons-is-layout-flex\">\n<div class=\"wp-block-button\"><a class=\"wp-block-button__link wp-element-button\" href=\"mailto:contact@sacovelo.fr\">En savoir plus<\/a><\/div>\n<\/div>\n","protected":false},"excerpt":{"rendered":"<p>Montant d\u00e9duit de votre facture pour la r\u00e9paration d\u2019un appareil hors garantie, r\u00e9alis\u00e9e par SACOVELO, r\u00e9parateur labellis\u00e9.<\/p>\n","protected":false},"author":1,"featured_media":905,"comment_status":"closed","ping_status":"open","sticky":false,"template":"","format":"standard","meta":{"footnotes":""},"categories":[12,14,15,8],"tags":[],"yoast_head":"<!-- This site is optimized with the Yoast SEO plugin v21.7 - https:\/\/yoast.com\/wordpress\/plugins\/seo\/ -->\n<title>Avec le Bonus R\u00e9paration, b\u00e9n\u00e9ficiez d&#039;une r\u00e9duction sur votre facture ! - SACO V\u00e9lo<\/title>\n<meta name=\"description\" content=\"Avec le Bonus R\u00e9paration, b\u00e9n\u00e9ficiez d&#039;une r\u00e9duction sur votre facture chez SACOVELO, r\u00e9parateur labellis\u00e9 !\" \/>\n<meta name=\"robots\" content=\"index, follow, max-snippet:-1, max-image-preview:large, max-video-preview:-1\" \/>\n<link rel=\"canonical\" href=\"https:\/\/sacovelo.fr\/index.php\/2026\/03\/12\/avec-le-bonus-reparation-beneficiez-dune-reduction-sur-votre-facture\/\" \/>\n<meta property=\"og:locale\" content=\"fr_FR\" \/>\n<meta property=\"og:type\" content=\"article\" \/>\n<meta property=\"og:title\" content=\"Avec le Bonus R\u00e9paration, b\u00e9n\u00e9ficiez d&#039;une r\u00e9duction sur votre facture ! - SACO V\u00e9lo\" \/>\n<meta property=\"og:description\" content=\"Avec le Bonus R\u00e9paration, b\u00e9n\u00e9ficiez d&#039;une r\u00e9duction sur votre facture chez SACOVELO, r\u00e9parateur labellis\u00e9 !\" \/>\n<meta property=\"og:url\" content=\"https:\/\/sacovelo.fr\/index.php\/2026\/03\/12\/avec-le-bonus-reparation-beneficiez-dune-reduction-sur-votre-facture\/\" \/>\n<meta property=\"og:site_name\" content=\"SACO V\u00e9lo\" \/>\n<meta property=\"article:published_time\" content=\"2026-03-12T15:02:48+00:00\" \/>\n<meta property=\"article:modified_time\" content=\"2026-03-12T15:43:36+00:00\" \/>\n<meta property=\"og:image\" content=\"https:\/\/sacovelo.fr\/wp-content\/uploads\/2026\/03\/BonusRepar_SACOVELO.jpg\" \/>\n\t<meta property=\"og:image:width\" content=\"1300\" \/>\n\t<meta property=\"og:image:height\" content=\"1862\" \/>\n\t<meta property=\"og:image:type\" content=\"image\/jpeg\" \/>\n<meta name=\"author\" content=\"Sacovelo\" \/>\n<meta name=\"twitter:card\" content=\"summary_large_image\" \/>\n<meta name=\"twitter:label1\" content=\"\u00c9crit par\" \/>\n\t<meta name=\"twitter:data1\" content=\"Sacovelo\" \/>\n\t<meta name=\"twitter:label2\" content=\"Dur\u00e9e de lecture estim\u00e9e\" \/>\n\t<meta name=\"twitter:data2\" content=\"1 minute\" \/>\n<script type=\"application\/ld+json\" class=\"yoast-schema-graph\">{\"@context\":\"https:\/\/schema.org\",\"@graph\":[{\"@type\":\"Article\",\"@id\":\"https:\/\/sacovelo.fr\/index.php\/2026\/03\/12\/avec-le-bonus-reparation-beneficiez-dune-reduction-sur-votre-facture\/#article\",\"isPartOf\":{\"@id\":\"https:\/\/sacovelo.fr\/index.php\/2026\/03\/12\/avec-le-bonus-reparation-beneficiez-dune-reduction-sur-votre-facture\/\"},\"author\":{\"name\":\"Sacovelo\",\"@id\":\"https:\/\/sacovelo.fr\/#\/schema\/person\/fadb8d2d1e5157893a4ada5a132674a9\"},\"headline\":\"Avec le Bonus R\u00e9paration, b\u00e9n\u00e9ficiez d&rsquo;une r\u00e9duction sur votre facture !\",\"datePublished\":\"2026-03-12T15:02:48+00:00\",\"dateModified\":\"2026-03-12T15:43:36+00:00\",\"mainEntityOfPage\":{\"@id\":\"https:\/\/sacovelo.fr\/index.php\/2026\/03\/12\/avec-le-bonus-reparation-beneficiez-dune-reduction-sur-votre-facture\/\"},\"wordCount\":40,\"publisher\":{\"@id\":\"https:\/\/sacovelo.fr\/#organization\"},\"articleSection\":[\"Actualit\u00e9s\",\"Aides\",\"R\u00e9parations\",\"Services\"],\"inLanguage\":\"fr-FR\"},{\"@type\":\"WebPage\",\"@id\":\"https:\/\/sacovelo.fr\/index.php\/2026\/03\/12\/avec-le-bonus-reparation-beneficiez-dune-reduction-sur-votre-facture\/\",\"url\":\"https:\/\/sacovelo.fr\/index.php\/2026\/03\/12\/avec-le-bonus-reparation-beneficiez-dune-reduction-sur-votre-facture\/\",\"name\":\"Avec le Bonus R\u00e9paration, b\u00e9n\u00e9ficiez d'une r\u00e9duction sur votre facture ! - SACO V\u00e9lo\",\"isPartOf\":{\"@id\":\"https:\/\/sacovelo.fr\/#website\"},\"datePublished\":\"2026-03-12T15:02:48+00:00\",\"dateModified\":\"2026-03-12T15:43:36+00:00\",\"description\":\"Avec le Bonus R\u00e9paration, b\u00e9n\u00e9ficiez d'une r\u00e9duction sur votre facture chez SACOVELO, r\u00e9parateur labellis\u00e9 !\",\"breadcrumb\":{\"@id\":\"https:\/\/sacovelo.fr\/index.php\/2026\/03\/12\/avec-le-bonus-reparation-beneficiez-dune-reduction-sur-votre-facture\/#breadcrumb\"},\"inLanguage\":\"fr-FR\",\"potentialAction\":[{\"@type\":\"ReadAction\",\"target\":[\"https:\/\/sacovelo.fr\/index.php\/2026\/03\/12\/avec-le-bonus-reparation-beneficiez-dune-reduction-sur-votre-facture\/\"]}]},{\"@type\":\"BreadcrumbList\",\"@id\":\"https:\/\/sacovelo.fr\/index.php\/2026\/03\/12\/avec-le-bonus-reparation-beneficiez-dune-reduction-sur-votre-facture\/#breadcrumb\",\"itemListElement\":[{\"@type\":\"ListItem\",\"position\":1,\"name\":\"Accueil\",\"item\":\"https:\/\/sacovelo.fr\/\"},{\"@type\":\"ListItem\",\"position\":2,\"name\":\"Avec le Bonus R\u00e9paration, b\u00e9n\u00e9ficiez d&rsquo;une r\u00e9duction sur votre facture !\"}]},{\"@type\":\"WebSite\",\"@id\":\"https:\/\/sacovelo.fr\/#website\",\"url\":\"https:\/\/sacovelo.fr\/\",\"name\":\"SACO V\u00e9lo\",\"description\":\"SACO V\u00e9lo, location, vente et r\u00e9paration de v\u00e9los \u00e0 Lattes (34)\",\"publisher\":{\"@id\":\"https:\/\/sacovelo.fr\/#organization\"},\"potentialAction\":[{\"@type\":\"SearchAction\",\"target\":{\"@type\":\"EntryPoint\",\"urlTemplate\":\"https:\/\/sacovelo.fr\/?s={search_term_string}\"},\"query-input\":\"required name=search_term_string\"}],\"inLanguage\":\"fr-FR\"},{\"@type\":\"Organization\",\"@id\":\"https:\/\/sacovelo.fr\/#organization\",\"name\":\"SACO V\u00e9lo\",\"url\":\"https:\/\/sacovelo.fr\/\",\"logo\":{\"@type\":\"ImageObject\",\"inLanguage\":\"fr-FR\",\"@id\":\"https:\/\/sacovelo.fr\/#\/schema\/logo\/image\/\",\"url\":\"https:\/\/sacovelo.fr\/wp-content\/uploads\/2021\/06\/cropped-logo-SACOBIKE.png\",\"contentUrl\":\"https:\/\/sacovelo.fr\/wp-content\/uploads\/2021\/06\/cropped-logo-SACOBIKE.png\",\"width\":320,\"height\":186,\"caption\":\"SACO V\u00e9lo\"},\"image\":{\"@id\":\"https:\/\/sacovelo.fr\/#\/schema\/logo\/image\/\"}},{\"@type\":\"Person\",\"@id\":\"https:\/\/sacovelo.fr\/#\/schema\/person\/fadb8d2d1e5157893a4ada5a132674a9\",\"name\":\"Sacovelo\",\"image\":{\"@type\":\"ImageObject\",\"inLanguage\":\"fr-FR\",\"@id\":\"https:\/\/sacovelo.fr\/#\/schema\/person\/image\/\",\"url\":\"https:\/\/secure.gravatar.com\/avatar\/ac00f1fc0af825df48e8729f63cd224e?s=96&d=mm&r=g\",\"contentUrl\":\"https:\/\/secure.gravatar.com\/avatar\/ac00f1fc0af825df48e8729f63cd224e?s=96&d=mm&r=g\",\"caption\":\"Sacovelo\"},\"sameAs\":[\"http:\/\/lksjlfm.cluster028.hosting.ovh.net\"],\"url\":\"https:\/\/sacovelo.fr\/index.php\/author\/admin6018\/\"}]}<\/script>\n<!-- \/ Yoast SEO plugin. -->","yoast_head_json":{"title":"Avec le Bonus R\u00e9paration, b\u00e9n\u00e9ficiez d'une r\u00e9duction sur votre facture ! - SACO V\u00e9lo","description":"Avec le Bonus R\u00e9paration, b\u00e9n\u00e9ficiez d'une r\u00e9duction sur votre facture chez SACOVELO, r\u00e9parateur labellis\u00e9 !","robots":{"index":"index","follow":"follow","max-snippet":"max-snippet:-1","max-image-preview":"max-image-preview:large","max-video-preview":"max-video-preview:-1"},"canonical":"https:\/\/sacovelo.fr\/index.php\/2026\/03\/12\/avec-le-bonus-reparation-beneficiez-dune-reduction-sur-votre-facture\/","og_locale":"fr_FR","og_type":"article","og_title":"Avec le Bonus R\u00e9paration, b\u00e9n\u00e9ficiez d'une r\u00e9duction sur votre facture ! - SACO V\u00e9lo","og_description":"Avec le Bonus R\u00e9paration, b\u00e9n\u00e9ficiez d'une r\u00e9duction sur votre facture chez SACOVELO, r\u00e9parateur labellis\u00e9 !","og_url":"https:\/\/sacovelo.fr\/index.php\/2026\/03\/12\/avec-le-bonus-reparation-beneficiez-dune-reduction-sur-votre-facture\/","og_site_name":"SACO V\u00e9lo","article_published_time":"2026-03-12T15:02:48+00:00","article_modified_time":"2026-03-12T15:43:36+00:00","og_image":[{"width":1300,"height":1862,"url":"https:\/\/sacovelo.fr\/wp-content\/uploads\/2026\/03\/BonusRepar_SACOVELO.jpg","type":"image\/jpeg"}],"author":"Sacovelo","twitter_card":"summary_large_image","twitter_misc":{"\u00c9crit par":"Sacovelo","Dur\u00e9e de lecture estim\u00e9e":"1 minute"},"schema":{"@context":"https:\/\/schema.org","@graph":[{"@type":"Article","@id":"https:\/\/sacovelo.fr\/index.php\/2026\/03\/12\/avec-le-bonus-reparation-beneficiez-dune-reduction-sur-votre-facture\/#article","isPartOf":{"@id":"https:\/\/sacovelo.fr\/index.php\/2026\/03\/12\/avec-le-bonus-reparation-beneficiez-dune-reduction-sur-votre-facture\/"},"author":{"name":"Sacovelo","@id":"https:\/\/sacovelo.fr\/#\/schema\/person\/fadb8d2d1e5157893a4ada5a132674a9"},"headline":"Avec le Bonus R\u00e9paration, b\u00e9n\u00e9ficiez d&rsquo;une r\u00e9duction sur votre facture !","datePublished":"2026-03-12T15:02:48+00:00","dateModified":"2026-03-12T15:43:36+00:00","mainEntityOfPage":{"@id":"https:\/\/sacovelo.fr\/index.php\/2026\/03\/12\/avec-le-bonus-reparation-beneficiez-dune-reduction-sur-votre-facture\/"},"wordCount":40,"publisher":{"@id":"https:\/\/sacovelo.fr\/#organization"},"articleSection":["Actualit\u00e9s","Aides","R\u00e9parations","Services"],"inLanguage":"fr-FR"},{"@type":"WebPage","@id":"https:\/\/sacovelo.fr\/index.php\/2026\/03\/12\/avec-le-bonus-reparation-beneficiez-dune-reduction-sur-votre-facture\/","url":"https:\/\/sacovelo.fr\/index.php\/2026\/03\/12\/avec-le-bonus-reparation-beneficiez-dune-reduction-sur-votre-facture\/","name":"Avec le Bonus R\u00e9paration, b\u00e9n\u00e9ficiez d'une r\u00e9duction sur votre facture ! - SACO V\u00e9lo","isPartOf":{"@id":"https:\/\/sacovelo.fr\/#website"},"datePublished":"2026-03-12T15:02:48+00:00","dateModified":"2026-03-12T15:43:36+00:00","description":"Avec le Bonus R\u00e9paration, b\u00e9n\u00e9ficiez d'une r\u00e9duction sur votre facture chez SACOVELO, r\u00e9parateur labellis\u00e9 !","breadcrumb":{"@id":"https:\/\/sacovelo.fr\/index.php\/2026\/03\/12\/avec-le-bonus-reparation-beneficiez-dune-reduction-sur-votre-facture\/#breadcrumb"},"inLanguage":"fr-FR","potentialAction":[{"@type":"ReadAction","target":["https:\/\/sacovelo.fr\/index.php\/2026\/03\/12\/avec-le-bonus-reparation-beneficiez-dune-reduction-sur-votre-facture\/"]}]},{"@type":"BreadcrumbList","@id":"https:\/\/sacovelo.fr\/index.php\/2026\/03\/12\/avec-le-bonus-reparation-beneficiez-dune-reduction-sur-votre-facture\/#breadcrumb","itemListElement":[{"@type":"ListItem","position":1,"name":"Accueil","item":"https:\/\/sacovelo.fr\/"},{"@type":"ListItem","position":2,"name":"Avec le Bonus R\u00e9paration, b\u00e9n\u00e9ficiez d&rsquo;une r\u00e9duction sur votre facture !"}]},{"@type":"WebSite","@id":"https:\/\/sacovelo.fr\/#website","url":"https:\/\/sacovelo.fr\/","name":"SACO V\u00e9lo","description":"SACO V\u00e9lo, location, vente et r\u00e9paration de v\u00e9los \u00e0 Lattes (34)","publisher":{"@id":"https:\/\/sacovelo.fr\/#organization"},"potentialAction":[{"@type":"SearchAction","target":{"@type":"EntryPoint","urlTemplate":"https:\/\/sacovelo.fr\/?s={search_term_string}"},"query-input":"required name=search_term_string"}],"inLanguage":"fr-FR"},{"@type":"Organization","@id":"https:\/\/sacovelo.fr\/#organization","name":"SACO V\u00e9lo","url":"https:\/\/sacovelo.fr\/","logo":{"@type":"ImageObject","inLanguage":"fr-FR","@id":"https:\/\/sacovelo.fr\/#\/schema\/logo\/image\/","url":"https:\/\/sacovelo.fr\/wp-content\/uploads\/2021\/06\/cropped-logo-SACOBIKE.png","contentUrl":"https:\/\/sacovelo.fr\/wp-content\/uploads\/2021\/06\/cropped-logo-SACOBIKE.png","width":320,"height":186,"caption":"SACO V\u00e9lo"},"image":{"@id":"https:\/\/sacovelo.fr\/#\/schema\/logo\/image\/"}},{"@type":"Person","@id":"https:\/\/sacovelo.fr\/#\/schema\/person\/fadb8d2d1e5157893a4ada5a132674a9","name":"Sacovelo","image":{"@type":"ImageObject","inLanguage":"fr-FR","@id":"https:\/\/sacovelo.fr\/#\/schema\/person\/image\/","url":"https:\/\/secure.gravatar.com\/avatar\/ac00f1fc0af825df48e8729f63cd224e?s=96&d=mm&r=g","contentUrl":"https:\/\/secure.gravatar.com\/avatar\/ac00f1fc0af825df48e8729f63cd224e?s=96&d=mm&r=g","caption":"Sacovelo"},"sameAs":["http:\/\/lksjlfm.cluster028.hosting.ovh.net"],"url":"https:\/\/sacovelo.fr\/index.php\/author\/admin6018\/"}]}},"_links":{"self":[{"href":"https:\/\/sacovelo.fr\/index.php\/wp-json\/wp\/v2\/posts\/904"}],"collection":[{"href":"https:\/\/sacovelo.fr\/index.php\/wp-json\/wp\/v2\/posts"}],"about":[{"href":"https:\/\/sacovelo.fr\/index.php\/wp-json\/wp\/v2\/types\/post"}],"author":[{"embeddable":true,"href":"https:\/\/sacovelo.fr\/index.php\/wp-json\/wp\/v2\/users\/1"}],"replies":[{"embeddable":true,"href":"https:\/\/sacovelo.fr\/index.php\/wp-json\/wp\/v2\/comments?post=904"}],"version-history":[{"count":8,"href":"https:\/\/sacovelo.fr\/index.php\/wp-json\/wp\/v2\/posts\/904\/revisions"}],"predecessor-version":[{"id":921,"href":"https:\/\/sacovelo.fr\/index.php\/wp-json\/wp\/v2\/posts\/904\/revisions\/921"}],"wp:featuredmedia":[{"embeddable":true,"href":"https:\/\/sacovelo.fr\/index.php\/wp-json\/wp\/v2\/media\/905"}],"wp:attachment":[{"href":"https:\/\/sacovelo.fr\/index.php\/wp-json\/wp\/v2\/media?parent=904"}],"wp:term":[{"taxonomy":"category","embeddable":true,"href":"https:\/\/sacovelo.fr\/index.php\/wp-json\/wp\/v2\/categories?post=904"},{"taxonomy":"post_tag","embeddable":true,"href":"https:\/\/sacovelo.fr\/index.php\/wp-json\/wp\/v2\/tags?post=904"}],"curies":[{"name":"wp","href":"https:\/\/api.w.org\/{rel}","templated":true}]}}